{"id":7819,"date":"2025-09-12T18:56:25","date_gmt":"2025-09-12T16:56:25","guid":{"rendered":"https:\/\/www.es-jmm-savenay.fr\/ecole-notre-dame-savenay\/?p=7819"},"modified":"2025-09-12T18:56:26","modified_gmt":"2025-09-12T16:56:26","slug":"fete-de-rentree-a-lecole-notre-dame","status":"publish","type":"post","link":"https:\/\/www.es-jmm-savenay.fr\/ecole-notre-dame-savenay\/fete-de-rentree-a-lecole-notre-dame\/","title":{"rendered":"F\u00eate de rentr\u00e9e \u00e0 l&rsquo;\u00e9cole Notre Dame"},"content":{"rendered":"\n<p>Ce vendredi tous les \u00e9l\u00e8ves et adultes de l&rsquo;\u00e9cole Notre Dame se sont rassembl\u00e9s pour la traditionnelle f\u00eate de rentr\u00e9e.<br>Apr\u00e8s un mot de bienvenue, nous avons chant\u00e9 une chanson pour se dire bonjour dans toutes les langues. Ensuite, tous les nouveaux \u00e9l\u00e8ves et adultes de l&rsquo;\u00e9cole ont \u00e9t\u00e9 appel\u00e9s et pr\u00e9sent\u00e9s \u00e0 l&rsquo;ensemble de la communaut\u00e9 \u00e9ducative.<br>Puis chaque cycle a pr\u00e9sent\u00e9 sa th\u00e9matique d&rsquo;ann\u00e9e : l&rsquo;eau pour le cycle 1, l&rsquo;Europe pour le cycle 2 et contes et l\u00e9gendes pour le cycle 3.<br>Enfin pour conclure, nous avons r\u00e9alis\u00e9 un flash-mob.<\/p>\n\n\n\n<figure class=\"wp-block-image size-large\"><img loading=\"lazy\" decoding=\"async\" width=\"1024\" height=\"577\" src=\"https:\/\/www.es-jmm-savenay.fr\/ecole-notre-dame-savenay\/wp-content\/uploads\/sites\/2\/2025\/09\/20250912_095711-1024x577.jpg\" alt=\"\" class=\"wp-image-7820\" srcset=\"https:\/\/www.es-jmm-savenay.fr\/ecole-notre-dame-savenay\/wp-content\/uploads\/sites\/2\/2025\/09\/20250912_095711-1024x577.jpg 1024w, https:\/\/www.es-jmm-savenay.fr\/ecole-notre-dame-savenay\/wp-content\/uploads\/sites\/2\/2025\/09\/20250912_095711-300x169.jpg 300w, https:\/\/www.es-jmm-savenay.fr\/ecole-notre-dame-savenay\/wp-content\/uploads\/sites\/2\/2025\/09\/20250912_095711-768x433.jpg 768w, https:\/\/www.es-jmm-savenay.fr\/ecole-notre-dame-savenay\/wp-content\/uploads\/sites\/2\/2025\/09\/20250912_095711-350x197.jpg 350w, https:\/\/www.es-jmm-savenay.fr\/ecole-notre-dame-savenay\/wp-content\/uploads\/sites\/2\/2025\/09\/20250912_095711.jpg 1200w\" sizes=\"auto, (max-width: 1024px) 100vw, 1024px\" \/><\/figure>\n\n\n\n<figure class=\"wp-block-image size-large\"><img loading=\"lazy\" decoding=\"async\" width=\"1024\" height=\"577\" src=\"https:\/\/www.es-jmm-savenay.fr\/ecole-notre-dame-savenay\/wp-content\/uploads\/sites\/2\/2025\/09\/20250912_095737-1024x577.jpg\" alt=\"\" class=\"wp-image-7821\" srcset=\"https:\/\/www.es-jmm-savenay.fr\/ecole-notre-dame-savenay\/wp-content\/uploads\/sites\/2\/2025\/09\/20250912_095737-1024x577.jpg 1024w, https:\/\/www.es-jmm-savenay.fr\/ecole-notre-dame-savenay\/wp-content\/uploads\/sites\/2\/2025\/09\/20250912_095737-300x169.jpg 300w, https:\/\/www.es-jmm-savenay.fr\/ecole-notre-dame-savenay\/wp-content\/uploads\/sites\/2\/2025\/09\/20250912_095737-768x433.jpg 768w, https:\/\/www.es-jmm-savenay.fr\/ecole-notre-dame-savenay\/wp-content\/uploads\/sites\/2\/2025\/09\/20250912_095737-350x197.jpg 350w, https:\/\/www.es-jmm-savenay.fr\/ecole-notre-dame-savenay\/wp-content\/uploads\/sites\/2\/2025\/09\/20250912_095737.jpg 1200w\" sizes=\"auto, (max-width: 1024px) 100vw, 1024px\" \/><\/figure>\n\n\n\n<figure class=\"wp-block-image size-large\"><img loading=\"lazy\" decoding=\"async\" width=\"1024\" height=\"577\" src=\"https:\/\/www.es-jmm-savenay.fr\/ecole-notre-dame-savenay\/wp-content\/uploads\/sites\/2\/2025\/09\/20250912_100733-1024x577.jpg\" alt=\"\" class=\"wp-image-7822\" srcset=\"https:\/\/www.es-jmm-savenay.fr\/ecole-notre-dame-savenay\/wp-content\/uploads\/sites\/2\/2025\/09\/20250912_100733-1024x577.jpg 1024w, https:\/\/www.es-jmm-savenay.fr\/ecole-notre-dame-savenay\/wp-content\/uploads\/sites\/2\/2025\/09\/20250912_100733-300x169.jpg 300w, https:\/\/www.es-jmm-savenay.fr\/ecole-notre-dame-savenay\/wp-content\/uploads\/sites\/2\/2025\/09\/20250912_100733-768x433.jpg 768w, https:\/\/www.es-jmm-savenay.fr\/ecole-notre-dame-savenay\/wp-content\/uploads\/sites\/2\/2025\/09\/20250912_100733-350x197.jpg 350w, https:\/\/www.es-jmm-savenay.fr\/ecole-notre-dame-savenay\/wp-content\/uploads\/sites\/2\/2025\/09\/20250912_100733.jpg 1200w\" sizes=\"auto, (max-width: 1024px) 100vw, 1024px\" \/><\/figure>\n\n\n\n<figure class=\"wp-block-image size-large\"><img loading=\"lazy\" decoding=\"async\" width=\"1024\" height=\"577\" src=\"https:\/\/www.es-jmm-savenay.fr\/ecole-notre-dame-savenay\/wp-content\/uploads\/sites\/2\/2025\/09\/20250912_100613-1024x577.jpg\" alt=\"\" class=\"wp-image-7823\" srcset=\"https:\/\/www.es-jmm-savenay.fr\/ecole-notre-dame-savenay\/wp-content\/uploads\/sites\/2\/2025\/09\/20250912_100613-1024x577.jpg 1024w, https:\/\/www.es-jmm-savenay.fr\/ecole-notre-dame-savenay\/wp-content\/uploads\/sites\/2\/2025\/09\/20250912_100613-300x169.jpg 300w, https:\/\/www.es-jmm-savenay.fr\/ecole-notre-dame-savenay\/wp-content\/uploads\/sites\/2\/2025\/09\/20250912_100613-768x433.jpg 768w, https:\/\/www.es-jmm-savenay.fr\/ecole-notre-dame-savenay\/wp-content\/uploads\/sites\/2\/2025\/09\/20250912_100613-350x197.jpg 350w, https:\/\/www.es-jmm-savenay.fr\/ecole-notre-dame-savenay\/wp-content\/uploads\/sites\/2\/2025\/09\/20250912_100613.jpg 1200w\" sizes=\"auto, (max-width: 1024px) 100vw, 1024px\" \/><\/figure>\n\n\n\n<figure class=\"wp-block-image size-large\"><img loading=\"lazy\" decoding=\"async\" width=\"1024\" height=\"577\" src=\"https:\/\/www.es-jmm-savenay.fr\/ecole-notre-dame-savenay\/wp-content\/uploads\/sites\/2\/2025\/09\/20250912_100548-1024x577.jpg\" alt=\"\" class=\"wp-image-7824\" srcset=\"https:\/\/www.es-jmm-savenay.fr\/ecole-notre-dame-savenay\/wp-content\/uploads\/sites\/2\/2025\/09\/20250912_100548-1024x577.jpg 1024w, https:\/\/www.es-jmm-savenay.fr\/ecole-notre-dame-savenay\/wp-content\/uploads\/sites\/2\/2025\/09\/20250912_100548-300x169.jpg 300w, https:\/\/www.es-jmm-savenay.fr\/ecole-notre-dame-savenay\/wp-content\/uploads\/sites\/2\/2025\/09\/20250912_100548-768x433.jpg 768w, https:\/\/www.es-jmm-savenay.fr\/ecole-notre-dame-savenay\/wp-content\/uploads\/sites\/2\/2025\/09\/20250912_100548-350x197.jpg 350w, https:\/\/www.es-jmm-savenay.fr\/ecole-notre-dame-savenay\/wp-content\/uploads\/sites\/2\/2025\/09\/20250912_100548.jpg 1200w\" sizes=\"auto, (max-width: 1024px) 100vw, 1024px\" \/><\/figure>\n","protected":false},"excerpt":{"rendered":"<p>Ce vendredi tous les \u00e9l\u00e8ves et adultes de l&rsquo;\u00e9cole Notre Dame se sont rassembl\u00e9s pour la traditionnelle f\u00eate de rentr\u00e9e.Apr\u00e8s un mot de bienvenue, nous avons chant\u00e9 une chanson pour &#8230;<\/p>\n","protected":false},"author":3,"featured_media":7824,"comment_status":"closed","ping_status":"open","sticky":false,"template":"","format":"standard","meta":{"footnotes":""},"categories":[3,28],"tags":[],"class_list":["post-7819","post","type-post","status-publish","format-standard","has-post-thumbnail","hentry","category-actualites","category-lecole-en-action"],"_links":{"self":[{"href":"https:\/\/www.es-jmm-savenay.fr\/ecole-notre-dame-savenay\/wp-json\/wp\/v2\/posts\/7819","targetHints":{"allow":["GET"]}}],"collection":[{"href":"https:\/\/www.es-jmm-savenay.fr\/ecole-notre-dame-savenay\/wp-json\/wp\/v2\/posts"}],"about":[{"href":"https:\/\/www.es-jmm-savenay.fr\/ecole-notre-dame-savenay\/wp-json\/wp\/v2\/types\/post"}],"author":[{"embeddable":true,"href":"https:\/\/www.es-jmm-savenay.fr\/ecole-notre-dame-savenay\/wp-json\/wp\/v2\/users\/3"}],"replies":[{"embeddable":true,"href":"https:\/\/www.es-jmm-savenay.fr\/ecole-notre-dame-savenay\/wp-json\/wp\/v2\/comments?post=7819"}],"version-history":[{"count":2,"href":"https:\/\/www.es-jmm-savenay.fr\/ecole-notre-dame-savenay\/wp-json\/wp\/v2\/posts\/7819\/revisions"}],"predecessor-version":[{"id":7826,"href":"https:\/\/www.es-jmm-savenay.fr\/ecole-notre-dame-savenay\/wp-json\/wp\/v2\/posts\/7819\/revisions\/7826"}],"wp:featuredmedia":[{"embeddable":true,"href":"https:\/\/www.es-jmm-savenay.fr\/ecole-notre-dame-savenay\/wp-json\/wp\/v2\/media\/7824"}],"wp:attachment":[{"href":"https:\/\/www.es-jmm-savenay.fr\/ecole-notre-dame-savenay\/wp-json\/wp\/v2\/media?parent=7819"}],"wp:term":[{"taxonomy":"category","embeddable":true,"href":"https:\/\/www.es-jmm-savenay.fr\/ecole-notre-dame-savenay\/wp-json\/wp\/v2\/categories?post=7819"},{"taxonomy":"post_tag","embeddable":true,"href":"https:\/\/www.es-jmm-savenay.fr\/ecole-notre-dame-savenay\/wp-json\/wp\/v2\/tags?post=7819"}],"curies":[{"name":"wp","href":"https:\/\/api.w.org\/{rel}","templated":true}]}}