{"id":4791,"date":"2026-04-28T10:35:49","date_gmt":"2026-04-28T08:35:49","guid":{"rendered":"https:\/\/www.es-jmm-savenay.fr\/lycee-saint-francois-assise-savenay\/?p=4791"},"modified":"2026-04-28T10:35:50","modified_gmt":"2026-04-28T08:35:50","slug":"%f0%9f%8e%a4-projet-slam-une-finale-riche-en-talents-et-en-emotions","status":"publish","type":"post","link":"https:\/\/www.es-jmm-savenay.fr\/lycee-saint-francois-assise-savenay\/%f0%9f%8e%a4-projet-slam-une-finale-riche-en-talents-et-en-emotions\/","title":{"rendered":"\ud83c\udfa4 Projet Slam : une finale riche en talents et en \u00e9motions"},"content":{"rendered":"\n<p>Le jeudi 9 avril, les \u00e9l\u00e8ves de seconde ont particip\u00e9 \u00e0 la grande finale du projet Slam, organis\u00e9e en salle polyvalente. Cet \u00e9v\u00e9nement a r\u00e9uni les 9 classes autour des 32 \u00e9l\u00e8ves finalistes, venus pr\u00e9senter le r\u00e9sultat de plusieurs semaines de travail.<\/p>\n\n\n\n<figure class=\"wp-block-gallery has-nested-images columns-default is-cropped wp-block-gallery-1 is-layout-flex wp-block-gallery-is-layout-flex\">\n<figure class=\"wp-block-image size-large\"><img loading=\"lazy\" decoding=\"async\" width=\"1024\" height=\"768\" data-id=\"4794\" src=\"https:\/\/www.es-jmm-savenay.fr\/lycee-saint-francois-assise-savenay\/wp-content\/uploads\/sites\/5\/2026\/04\/SLAM-1-1024x768.jpg\" alt=\"\" class=\"wp-image-4794\" srcset=\"https:\/\/www.es-jmm-savenay.fr\/lycee-saint-francois-assise-savenay\/wp-content\/uploads\/sites\/5\/2026\/04\/SLAM-1-1024x768.jpg 1024w, https:\/\/www.es-jmm-savenay.fr\/lycee-saint-francois-assise-savenay\/wp-content\/uploads\/sites\/5\/2026\/04\/SLAM-1-300x225.jpg 300w, https:\/\/www.es-jmm-savenay.fr\/lycee-saint-francois-assise-savenay\/wp-content\/uploads\/sites\/5\/2026\/04\/SLAM-1-768x576.jpg 768w, https:\/\/www.es-jmm-savenay.fr\/lycee-saint-francois-assise-savenay\/wp-content\/uploads\/sites\/5\/2026\/04\/SLAM-1-350x263.jpg 350w, https:\/\/www.es-jmm-savenay.fr\/lycee-saint-francois-assise-savenay\/wp-content\/uploads\/sites\/5\/2026\/04\/SLAM-1.jpg 1200w\" sizes=\"auto, (max-width: 1024px) 100vw, 1024px\" \/><\/figure>\n\n\n\n<figure class=\"wp-block-image size-large\"><img loading=\"lazy\" decoding=\"async\" width=\"1024\" height=\"768\" data-id=\"4792\" src=\"https:\/\/www.es-jmm-savenay.fr\/lycee-saint-francois-assise-savenay\/wp-content\/uploads\/sites\/5\/2026\/04\/SLAM-2-1024x768.jpg\" alt=\"\" class=\"wp-image-4792\" srcset=\"https:\/\/www.es-jmm-savenay.fr\/lycee-saint-francois-assise-savenay\/wp-content\/uploads\/sites\/5\/2026\/04\/SLAM-2-1024x768.jpg 1024w, https:\/\/www.es-jmm-savenay.fr\/lycee-saint-francois-assise-savenay\/wp-content\/uploads\/sites\/5\/2026\/04\/SLAM-2-300x225.jpg 300w, https:\/\/www.es-jmm-savenay.fr\/lycee-saint-francois-assise-savenay\/wp-content\/uploads\/sites\/5\/2026\/04\/SLAM-2-768x576.jpg 768w, https:\/\/www.es-jmm-savenay.fr\/lycee-saint-francois-assise-savenay\/wp-content\/uploads\/sites\/5\/2026\/04\/SLAM-2-350x263.jpg 350w, https:\/\/www.es-jmm-savenay.fr\/lycee-saint-francois-assise-savenay\/wp-content\/uploads\/sites\/5\/2026\/04\/SLAM-2.jpg 1200w\" sizes=\"auto, (max-width: 1024px) 100vw, 1024px\" \/><\/figure>\n\n\n\n<figure class=\"wp-block-image size-large\"><img loading=\"lazy\" decoding=\"async\" width=\"768\" height=\"1024\" data-id=\"4793\" src=\"https:\/\/www.es-jmm-savenay.fr\/lycee-saint-francois-assise-savenay\/wp-content\/uploads\/sites\/5\/2026\/04\/SLAM-3-768x1024.jpg\" alt=\"\" class=\"wp-image-4793\" srcset=\"https:\/\/www.es-jmm-savenay.fr\/lycee-saint-francois-assise-savenay\/wp-content\/uploads\/sites\/5\/2026\/04\/SLAM-3-768x1024.jpg 768w, https:\/\/www.es-jmm-savenay.fr\/lycee-saint-francois-assise-savenay\/wp-content\/uploads\/sites\/5\/2026\/04\/SLAM-3-225x300.jpg 225w, https:\/\/www.es-jmm-savenay.fr\/lycee-saint-francois-assise-savenay\/wp-content\/uploads\/sites\/5\/2026\/04\/SLAM-3-263x350.jpg 263w, https:\/\/www.es-jmm-savenay.fr\/lycee-saint-francois-assise-savenay\/wp-content\/uploads\/sites\/5\/2026\/04\/SLAM-3-rotated.jpg 900w\" sizes=\"auto, (max-width: 768px) 100vw, 768px\" \/><\/figure>\n<\/figure>\n\n\n\n<p>Encadr\u00e9s par l\u2019intervenant Mathieu Deroff, les \u00e9l\u00e8ves ont \u00e9t\u00e9 invit\u00e9s \u00e0 \u00e9crire leur propre texte de slam, puis \u00e0 travailler leur mise en voix afin de transmettre leurs \u00e9motions avec authenticit\u00e9 et engagement. Chaque classe a ensuite organis\u00e9 une s\u00e9lection interne : un jury compos\u00e9 de membres de l\u2019\u00e9tablissement a retenu les prestations les plus abouties.<\/p>\n\n\n\n<p>La finale a ainsi permis de mettre en lumi\u00e8re de nombreux talents et de valoriser l\u2019investissement des \u00e9l\u00e8ves dans ce projet artistique.<\/p>\n\n\n\n<p><strong>Palmar\u00e8s :<\/strong><\/p>\n\n\n\n<ul class=\"wp-block-list\">\n<li>1er prix : Margaux C et Flora M (2E)<\/li>\n\n\n\n<li>2e prix : Diwan L (2A)<\/li>\n\n\n\n<li>3e prix : Calie D (2E)<\/li>\n<\/ul>\n\n\n\n<p>Au-del\u00e0 de la performance artistique, ce projet a constitu\u00e9 une v\u00e9ritable exp\u00e9rience humaine. Il a favoris\u00e9 le d\u00e9veloppement de comp\u00e9tences essentielles telles que la cr\u00e9ativit\u00e9, la confiance en soi, l\u2019\u00e9coute et l\u2019expression personnelle.<\/p>\n\n\n\n<p>\u00c0 travers leurs textes, les \u00e9l\u00e8ves ont su partager avec sinc\u00e9rit\u00e9 leurs \u00e9motions, leurs id\u00e9es et leur vision du monde, t\u00e9moignant de la richesse de leur sensibilit\u00e9.<\/p>\n","protected":false},"excerpt":{"rendered":"<p>Le jeudi 9 avril, les \u00e9l\u00e8ves de seconde ont particip\u00e9 \u00e0 la grande finale du projet Slam, organis\u00e9e en salle polyvalente. Cet \u00e9v\u00e9nement a r\u00e9uni les 9 classes autour des &#8230;<\/p>\n","protected":false},"author":5,"featured_media":4795,"comment_status":"closed","ping_status":"open","sticky":false,"template":"","format":"standard","meta":{"footnotes":""},"categories":[5,9],"tags":[],"class_list":["post-4791","post","type-post","status-publish","format-standard","has-post-thumbnail","hentry","category-actualites","category-la-vie-au-lycee-st-francois"],"_links":{"self":[{"href":"https:\/\/www.es-jmm-savenay.fr\/lycee-saint-francois-assise-savenay\/wp-json\/wp\/v2\/posts\/4791","targetHints":{"allow":["GET"]}}],"collection":[{"href":"https:\/\/www.es-jmm-savenay.fr\/lycee-saint-francois-assise-savenay\/wp-json\/wp\/v2\/posts"}],"about":[{"href":"https:\/\/www.es-jmm-savenay.fr\/lycee-saint-francois-assise-savenay\/wp-json\/wp\/v2\/types\/post"}],"author":[{"embeddable":true,"href":"https:\/\/www.es-jmm-savenay.fr\/lycee-saint-francois-assise-savenay\/wp-json\/wp\/v2\/users\/5"}],"replies":[{"embeddable":true,"href":"https:\/\/www.es-jmm-savenay.fr\/lycee-saint-francois-assise-savenay\/wp-json\/wp\/v2\/comments?post=4791"}],"version-history":[{"count":2,"href":"https:\/\/www.es-jmm-savenay.fr\/lycee-saint-francois-assise-savenay\/wp-json\/wp\/v2\/posts\/4791\/revisions"}],"predecessor-version":[{"id":4797,"href":"https:\/\/www.es-jmm-savenay.fr\/lycee-saint-francois-assise-savenay\/wp-json\/wp\/v2\/posts\/4791\/revisions\/4797"}],"wp:featuredmedia":[{"embeddable":true,"href":"https:\/\/www.es-jmm-savenay.fr\/lycee-saint-francois-assise-savenay\/wp-json\/wp\/v2\/media\/4795"}],"wp:attachment":[{"href":"https:\/\/www.es-jmm-savenay.fr\/lycee-saint-francois-assise-savenay\/wp-json\/wp\/v2\/media?parent=4791"}],"wp:term":[{"taxonomy":"category","embeddable":true,"href":"https:\/\/www.es-jmm-savenay.fr\/lycee-saint-francois-assise-savenay\/wp-json\/wp\/v2\/categories?post=4791"},{"taxonomy":"post_tag","embeddable":true,"href":"https:\/\/www.es-jmm-savenay.fr\/lycee-saint-francois-assise-savenay\/wp-json\/wp\/v2\/tags?post=4791"}],"curies":[{"name":"wp","href":"https:\/\/api.w.org\/{rel}","templated":true}]}}