{"id":4798,"date":"2026-04-28T11:14:32","date_gmt":"2026-04-28T09:14:32","guid":{"rendered":"https:\/\/www.es-jmm-savenay.fr\/lycee-saint-francois-assise-savenay\/?p=4798"},"modified":"2026-04-28T11:14:33","modified_gmt":"2026-04-28T09:14:33","slug":"envie-de-decouvrir-la-langue-arabe-et-sa-culture","status":"publish","type":"post","link":"https:\/\/www.es-jmm-savenay.fr\/lycee-saint-francois-assise-savenay\/envie-de-decouvrir-la-langue-arabe-et-sa-culture\/","title":{"rendered":"Envie de d\u00e9couvrir la langue arabe et sa culture ?"},"content":{"rendered":"\n<p>Une initiation \u00e0 l\u2019arabe vous est propos\u00e9e avec Halima !<\/p>\n\n\n\n<p><img loading=\"lazy\" decoding=\"async\" height=\"16\" width=\"16\" src=\"https:\/\/static.xx.fbcdn.net\/images\/emoji.php\/v9\/t7e\/1\/16\/1f4c5.png\" alt=\"\ud83d\udcc5\"> Lundi 4 mai \u00e0 13h00 en salle S108<\/p>\n\n\n\n<figure class=\"wp-block-image size-full\"><img loading=\"lazy\" decoding=\"async\" width=\"767\" height=\"1024\" src=\"https:\/\/www.es-jmm-savenay.fr\/lycee-saint-francois-assise-savenay\/wp-content\/uploads\/sites\/5\/2026\/04\/Initiation-arabe.jpeg\" alt=\"\" class=\"wp-image-4799\" srcset=\"https:\/\/www.es-jmm-savenay.fr\/lycee-saint-francois-assise-savenay\/wp-content\/uploads\/sites\/5\/2026\/04\/Initiation-arabe.jpeg 767w, https:\/\/www.es-jmm-savenay.fr\/lycee-saint-francois-assise-savenay\/wp-content\/uploads\/sites\/5\/2026\/04\/Initiation-arabe-225x300.jpeg 225w, https:\/\/www.es-jmm-savenay.fr\/lycee-saint-francois-assise-savenay\/wp-content\/uploads\/sites\/5\/2026\/04\/Initiation-arabe-262x350.jpeg 262w\" sizes=\"auto, (max-width: 767px) 100vw, 767px\" \/><\/figure>\n\n\n\n<p>Activit\u00e9 ouverte \u00e0 tous les \u00e9l\u00e8ves, aucun niveau requis, d\u00e9butants bienvenus<\/p>\n\n\n\n<p>Que vous soyez curieux, passionn\u00e9 de langues ou simplement envie d\u2019essayer quelque chose de nouveau, cette s\u00e9ance est faite pour vous <img loading=\"lazy\" decoding=\"async\" height=\"16\" width=\"16\" alt=\"\ud83d\udcac\" src=\"https:\/\/static.xx.fbcdn.net\/images\/emoji.php\/v9\/t6e\/1\/16\/1f4ac.png\"><\/p>\n\n\n\n<p>Venez d\u00e9couvrir une langue riche, une culture fascinante et partager un moment convivial ! <img loading=\"lazy\" decoding=\"async\" height=\"16\" width=\"16\" alt=\"\ud83e\udd1d\" src=\"https:\/\/static.xx.fbcdn.net\/images\/emoji.php\/v9\/t64\/1\/16\/1f91d.png\"><\/p>\n","protected":false},"excerpt":{"rendered":"<p>Une initiation \u00e0 l\u2019arabe vous est propos\u00e9e avec Halima ! Lundi 4 mai \u00e0 13h00 en salle S108 Activit\u00e9 ouverte \u00e0 tous les \u00e9l\u00e8ves, aucun niveau requis, d\u00e9butants bienvenus Que &#8230;<\/p>\n","protected":false},"author":5,"featured_media":4799,"comment_status":"closed","ping_status":"open","sticky":false,"template":"","format":"standard","meta":{"footnotes":""},"categories":[5,26],"tags":[],"class_list":["post-4798","post","type-post","status-publish","format-standard","has-post-thumbnail","hentry","category-actualites","category-international"],"_links":{"self":[{"href":"https:\/\/www.es-jmm-savenay.fr\/lycee-saint-francois-assise-savenay\/wp-json\/wp\/v2\/posts\/4798","targetHints":{"allow":["GET"]}}],"collection":[{"href":"https:\/\/www.es-jmm-savenay.fr\/lycee-saint-francois-assise-savenay\/wp-json\/wp\/v2\/posts"}],"about":[{"href":"https:\/\/www.es-jmm-savenay.fr\/lycee-saint-francois-assise-savenay\/wp-json\/wp\/v2\/types\/post"}],"author":[{"embeddable":true,"href":"https:\/\/www.es-jmm-savenay.fr\/lycee-saint-francois-assise-savenay\/wp-json\/wp\/v2\/users\/5"}],"replies":[{"embeddable":true,"href":"https:\/\/www.es-jmm-savenay.fr\/lycee-saint-francois-assise-savenay\/wp-json\/wp\/v2\/comments?post=4798"}],"version-history":[{"count":2,"href":"https:\/\/www.es-jmm-savenay.fr\/lycee-saint-francois-assise-savenay\/wp-json\/wp\/v2\/posts\/4798\/revisions"}],"predecessor-version":[{"id":4801,"href":"https:\/\/www.es-jmm-savenay.fr\/lycee-saint-francois-assise-savenay\/wp-json\/wp\/v2\/posts\/4798\/revisions\/4801"}],"wp:featuredmedia":[{"embeddable":true,"href":"https:\/\/www.es-jmm-savenay.fr\/lycee-saint-francois-assise-savenay\/wp-json\/wp\/v2\/media\/4799"}],"wp:attachment":[{"href":"https:\/\/www.es-jmm-savenay.fr\/lycee-saint-francois-assise-savenay\/wp-json\/wp\/v2\/media?parent=4798"}],"wp:term":[{"taxonomy":"category","embeddable":true,"href":"https:\/\/www.es-jmm-savenay.fr\/lycee-saint-francois-assise-savenay\/wp-json\/wp\/v2\/categories?post=4798"},{"taxonomy":"post_tag","embeddable":true,"href":"https:\/\/www.es-jmm-savenay.fr\/lycee-saint-francois-assise-savenay\/wp-json\/wp\/v2\/tags?post=4798"}],"curies":[{"name":"wp","href":"https:\/\/api.w.org\/{rel}","templated":true}]}}