{"id":4802,"date":"2026-04-29T11:19:13","date_gmt":"2026-04-29T09:19:13","guid":{"rendered":"https:\/\/www.es-jmm-savenay.fr\/lycee-saint-francois-assise-savenay\/?p=4802"},"modified":"2026-04-28T11:22:19","modified_gmt":"2026-04-28T09:22:19","slug":"des-eleves-engages-retour-sur-la-formation-psc1-des-vacances","status":"publish","type":"post","link":"https:\/\/www.es-jmm-savenay.fr\/lycee-saint-francois-assise-savenay\/des-eleves-engages-retour-sur-la-formation-psc1-des-vacances\/","title":{"rendered":"Des \u00e9l\u00e8ves engag\u00e9s : retour sur la formation PSC1 des vacances"},"content":{"rendered":"\n<p>Durant les vacances scolaires, 20 \u00e9l\u00e8ves volontaires ont fait le choix de consacrer une partie de leur temps libre \u00e0 suivre la formation PSC1 (Pr\u00e9vention et Secours Civiques de niveau 1).<\/p>\n\n\n\n<p>Encadr\u00e9s par M. ANIZON, formateur exp\u00e9riment\u00e9, les \u00e9l\u00e8ves ont acquis les comp\u00e9tences essentielles pour r\u00e9agir face \u00e0 des situations d\u2019urgence : protection des victimes, alerte des secours et r\u00e9alisation des gestes de premiers secours.<\/p>\n\n\n\n<p>Au-del\u00e0 des apprentissages techniques, cette formation a \u00e9t\u00e9 marqu\u00e9e par le s\u00e9rieux, l\u2019implication et la motivation des participants, qui ont fait preuve d\u2019un r\u00e9el sens des responsabilit\u00e9s en s\u2019engageant durant leurs vacances.<\/p>\n\n\n\n<p>Nous sommes fiers d\u2019annoncer que l\u2019ensemble des \u00e9l\u00e8ves a valid\u00e9 avec succ\u00e8s le dipl\u00f4me PSC1.<\/p>\n\n\n\n<p>Bravo \u00e0 tous !<\/p>\n\n\n\n<figure class=\"wp-block-gallery has-nested-images columns-default is-cropped wp-block-gallery-1 is-layout-flex wp-block-gallery-is-layout-flex\">\n<figure class=\"wp-block-image size-large\"><img loading=\"lazy\" decoding=\"async\" width=\"768\" height=\"1024\" data-id=\"4803\" src=\"https:\/\/www.es-jmm-savenay.fr\/lycee-saint-francois-assise-savenay\/wp-content\/uploads\/sites\/5\/2026\/04\/PSC1-1-768x1024.jpg\" alt=\"\" class=\"wp-image-4803\" srcset=\"https:\/\/www.es-jmm-savenay.fr\/lycee-saint-francois-assise-savenay\/wp-content\/uploads\/sites\/5\/2026\/04\/PSC1-1-768x1024.jpg 768w, https:\/\/www.es-jmm-savenay.fr\/lycee-saint-francois-assise-savenay\/wp-content\/uploads\/sites\/5\/2026\/04\/PSC1-1-225x300.jpg 225w, https:\/\/www.es-jmm-savenay.fr\/lycee-saint-francois-assise-savenay\/wp-content\/uploads\/sites\/5\/2026\/04\/PSC1-1-263x350.jpg 263w, https:\/\/www.es-jmm-savenay.fr\/lycee-saint-francois-assise-savenay\/wp-content\/uploads\/sites\/5\/2026\/04\/PSC1-1-rotated.jpg 900w\" sizes=\"auto, (max-width: 768px) 100vw, 768px\" \/><\/figure>\n\n\n\n<figure class=\"wp-block-image size-large\"><img loading=\"lazy\" decoding=\"async\" width=\"768\" height=\"1024\" data-id=\"4805\" src=\"https:\/\/www.es-jmm-savenay.fr\/lycee-saint-francois-assise-savenay\/wp-content\/uploads\/sites\/5\/2026\/04\/PSC1-3-768x1024.jpg\" alt=\"\" class=\"wp-image-4805\" srcset=\"https:\/\/www.es-jmm-savenay.fr\/lycee-saint-francois-assise-savenay\/wp-content\/uploads\/sites\/5\/2026\/04\/PSC1-3-768x1024.jpg 768w, https:\/\/www.es-jmm-savenay.fr\/lycee-saint-francois-assise-savenay\/wp-content\/uploads\/sites\/5\/2026\/04\/PSC1-3-225x300.jpg 225w, https:\/\/www.es-jmm-savenay.fr\/lycee-saint-francois-assise-savenay\/wp-content\/uploads\/sites\/5\/2026\/04\/PSC1-3-263x350.jpg 263w, https:\/\/www.es-jmm-savenay.fr\/lycee-saint-francois-assise-savenay\/wp-content\/uploads\/sites\/5\/2026\/04\/PSC1-3-rotated.jpg 900w\" sizes=\"auto, (max-width: 768px) 100vw, 768px\" \/><\/figure>\n\n\n\n<figure class=\"wp-block-image size-large\"><img loading=\"lazy\" decoding=\"async\" width=\"768\" height=\"1024\" data-id=\"4804\" src=\"https:\/\/www.es-jmm-savenay.fr\/lycee-saint-francois-assise-savenay\/wp-content\/uploads\/sites\/5\/2026\/04\/PSC1-5-768x1024.jpg\" alt=\"\" class=\"wp-image-4804\" srcset=\"https:\/\/www.es-jmm-savenay.fr\/lycee-saint-francois-assise-savenay\/wp-content\/uploads\/sites\/5\/2026\/04\/PSC1-5-768x1024.jpg 768w, https:\/\/www.es-jmm-savenay.fr\/lycee-saint-francois-assise-savenay\/wp-content\/uploads\/sites\/5\/2026\/04\/PSC1-5-225x300.jpg 225w, https:\/\/www.es-jmm-savenay.fr\/lycee-saint-francois-assise-savenay\/wp-content\/uploads\/sites\/5\/2026\/04\/PSC1-5-263x350.jpg 263w, https:\/\/www.es-jmm-savenay.fr\/lycee-saint-francois-assise-savenay\/wp-content\/uploads\/sites\/5\/2026\/04\/PSC1-5.jpg 900w\" sizes=\"auto, (max-width: 768px) 100vw, 768px\" \/><\/figure>\n<\/figure>\n","protected":false},"excerpt":{"rendered":"<p>Durant les vacances scolaires, 20 \u00e9l\u00e8ves volontaires ont fait le choix de consacrer une partie de leur temps libre \u00e0 suivre la formation PSC1 (Pr\u00e9vention et Secours Civiques de niveau &#8230;<\/p>\n","protected":false},"author":5,"featured_media":4805,"comment_status":"closed","ping_status":"open","sticky":false,"template":"","format":"standard","meta":{"footnotes":""},"categories":[5,9],"tags":[],"class_list":["post-4802","post","type-post","status-publish","format-standard","has-post-thumbnail","hentry","category-actualites","category-la-vie-au-lycee-st-francois"],"_links":{"self":[{"href":"https:\/\/www.es-jmm-savenay.fr\/lycee-saint-francois-assise-savenay\/wp-json\/wp\/v2\/posts\/4802","targetHints":{"allow":["GET"]}}],"collection":[{"href":"https:\/\/www.es-jmm-savenay.fr\/lycee-saint-francois-assise-savenay\/wp-json\/wp\/v2\/posts"}],"about":[{"href":"https:\/\/www.es-jmm-savenay.fr\/lycee-saint-francois-assise-savenay\/wp-json\/wp\/v2\/types\/post"}],"author":[{"embeddable":true,"href":"https:\/\/www.es-jmm-savenay.fr\/lycee-saint-francois-assise-savenay\/wp-json\/wp\/v2\/users\/5"}],"replies":[{"embeddable":true,"href":"https:\/\/www.es-jmm-savenay.fr\/lycee-saint-francois-assise-savenay\/wp-json\/wp\/v2\/comments?post=4802"}],"version-history":[{"count":2,"href":"https:\/\/www.es-jmm-savenay.fr\/lycee-saint-francois-assise-savenay\/wp-json\/wp\/v2\/posts\/4802\/revisions"}],"predecessor-version":[{"id":4807,"href":"https:\/\/www.es-jmm-savenay.fr\/lycee-saint-francois-assise-savenay\/wp-json\/wp\/v2\/posts\/4802\/revisions\/4807"}],"wp:featuredmedia":[{"embeddable":true,"href":"https:\/\/www.es-jmm-savenay.fr\/lycee-saint-francois-assise-savenay\/wp-json\/wp\/v2\/media\/4805"}],"wp:attachment":[{"href":"https:\/\/www.es-jmm-savenay.fr\/lycee-saint-francois-assise-savenay\/wp-json\/wp\/v2\/media?parent=4802"}],"wp:term":[{"taxonomy":"category","embeddable":true,"href":"https:\/\/www.es-jmm-savenay.fr\/lycee-saint-francois-assise-savenay\/wp-json\/wp\/v2\/categories?post=4802"},{"taxonomy":"post_tag","embeddable":true,"href":"https:\/\/www.es-jmm-savenay.fr\/lycee-saint-francois-assise-savenay\/wp-json\/wp\/v2\/tags?post=4802"}],"curies":[{"name":"wp","href":"https:\/\/api.w.org\/{rel}","templated":true}]}}