{"id":4922,"date":"2026-09-03T17:23:54","date_gmt":"2026-09-03T15:23:54","guid":{"rendered":"https:\/\/www.es-jmm-savenay.fr\/lycee-saint-francois-assise-savenay\/?p=4922"},"modified":"2026-09-03T17:23:55","modified_gmt":"2026-09-03T15:23:55","slug":"une-journee-dintegration-reussie-pour-les-eleves-de-seconde","status":"publish","type":"post","link":"https:\/\/www.es-jmm-savenay.fr\/lycee-saint-francois-assise-savenay\/une-journee-dintegration-reussie-pour-les-eleves-de-seconde\/","title":{"rendered":"Une journ\u00e9e d&#8217;int\u00e9gration r\u00e9ussie pour les \u00e9l\u00e8ves de Seconde"},"content":{"rendered":"\n<p class=\"wp-block-paragraph\">Mardi 1er septembre, les \u00e9l\u00e8ves de Seconde ont v\u00e9cu leur traditionnelle journ\u00e9e d&#8217;int\u00e9gration, un temps fort de la rentr\u00e9e destin\u00e9 \u00e0 faciliter leur arriv\u00e9e dans l&#8217;\u00e9tablissement.<\/p>\n\n\n\n<p class=\"wp-block-paragraph\">Tout au long de la journ\u00e9e, les \u00e9l\u00e8ves ont particip\u00e9 \u00e0 diff\u00e9rentes activit\u00e9s favorisant les \u00e9changes, la d\u00e9couverte mutuelle et la coh\u00e9sion de groupe. Ces moments de partage ont permis \u00e0 chacun de faire connaissance avec ses camarades, de mieux identifier les membres de sa classe et de cr\u00e9er une dynamique collective positive d\u00e8s les premiers jours de l&#8217;ann\u00e9e.<\/p>\n\n\n\n<p class=\"wp-block-paragraph\">Au-del\u00e0 de l&#8217;aspect convivial, cette journ\u00e9e constitue une \u00e9tape importante dans l&#8217;accompagnement des \u00e9l\u00e8ves. Elle contribue \u00e0 cr\u00e9er un climat de confiance, \u00e0 renforcer le sentiment d&#8217;appartenance au groupe et \u00e0 favoriser une int\u00e9gration r\u00e9ussie au sein de l&#8217;\u00e9tablissement.<\/p>\n\n\n\n<p class=\"wp-block-paragraph\">Cette \u00e9dition 2026 a une nouvelle fois rempli ses objectifs : offrir aux \u00e9l\u00e8ves un moment agr\u00e9able, riche en d\u00e9couvertes et en \u00e9changes, pour d\u00e9marrer leur ann\u00e9e scolaire du bon pied.<\/p>\n\n\n\n<p class=\"wp-block-paragraph\">Nous souhaitons \u00e0 tous nos \u00e9l\u00e8ves de Seconde une excellente ann\u00e9e scolaire, pleine de r\u00e9ussite, d&#8217;\u00e9panouissement et de beaux projets.<\/p>\n\n\n\n<figure class=\"wp-block-image size-large\"><img loading=\"lazy\" decoding=\"async\" width=\"1024\" height=\"576\" src=\"https:\/\/www.es-jmm-savenay.fr\/lycee-saint-francois-assise-savenay\/wp-content\/uploads\/sites\/5\/2026\/09\/Rentree-seconde-2026-2027-1024x576.png\" alt=\"\" class=\"wp-image-4923\" srcset=\"https:\/\/www.es-jmm-savenay.fr\/lycee-saint-francois-assise-savenay\/wp-content\/uploads\/sites\/5\/2026\/09\/Rentree-seconde-2026-2027-1024x576.png 1024w, https:\/\/www.es-jmm-savenay.fr\/lycee-saint-francois-assise-savenay\/wp-content\/uploads\/sites\/5\/2026\/09\/Rentree-seconde-2026-2027-300x169.png 300w, https:\/\/www.es-jmm-savenay.fr\/lycee-saint-francois-assise-savenay\/wp-content\/uploads\/sites\/5\/2026\/09\/Rentree-seconde-2026-2027-768x432.png 768w, https:\/\/www.es-jmm-savenay.fr\/lycee-saint-francois-assise-savenay\/wp-content\/uploads\/sites\/5\/2026\/09\/Rentree-seconde-2026-2027-scaled.png 1200w\" sizes=\"auto, (max-width: 1024px) 100vw, 1024px\" \/><\/figure>\n","protected":false},"excerpt":{"rendered":"<p>Mardi 1er septembre, les \u00e9l\u00e8ves de Seconde ont v\u00e9cu leur traditionnelle journ\u00e9e d&#8217;int\u00e9gration, un temps fort de la rentr\u00e9e destin\u00e9 \u00e0 faciliter leur arriv\u00e9e dans l&#8217;\u00e9tablissement. Tout au long de &#8230;<\/p>\n","protected":false},"author":5,"featured_media":4924,"comment_status":"closed","ping_status":"open","sticky":false,"template":"","format":"standard","meta":{"footnotes":""},"categories":[5,9],"tags":[],"class_list":["post-4922","post","type-post","status-publish","format-standard","has-post-thumbnail","hentry","category-actualites","category-la-vie-au-lycee-st-francois"],"_links":{"self":[{"href":"https:\/\/www.es-jmm-savenay.fr\/lycee-saint-francois-assise-savenay\/wp-json\/wp\/v2\/posts\/4922","targetHints":{"allow":["GET"]}}],"collection":[{"href":"https:\/\/www.es-jmm-savenay.fr\/lycee-saint-francois-assise-savenay\/wp-json\/wp\/v2\/posts"}],"about":[{"href":"https:\/\/www.es-jmm-savenay.fr\/lycee-saint-francois-assise-savenay\/wp-json\/wp\/v2\/types\/post"}],"author":[{"embeddable":true,"href":"https:\/\/www.es-jmm-savenay.fr\/lycee-saint-francois-assise-savenay\/wp-json\/wp\/v2\/users\/5"}],"replies":[{"embeddable":true,"href":"https:\/\/www.es-jmm-savenay.fr\/lycee-saint-francois-assise-savenay\/wp-json\/wp\/v2\/comments?post=4922"}],"version-history":[{"count":2,"href":"https:\/\/www.es-jmm-savenay.fr\/lycee-saint-francois-assise-savenay\/wp-json\/wp\/v2\/posts\/4922\/revisions"}],"predecessor-version":[{"id":4926,"href":"https:\/\/www.es-jmm-savenay.fr\/lycee-saint-francois-assise-savenay\/wp-json\/wp\/v2\/posts\/4922\/revisions\/4926"}],"wp:featuredmedia":[{"embeddable":true,"href":"https:\/\/www.es-jmm-savenay.fr\/lycee-saint-francois-assise-savenay\/wp-json\/wp\/v2\/media\/4924"}],"wp:attachment":[{"href":"https:\/\/www.es-jmm-savenay.fr\/lycee-saint-francois-assise-savenay\/wp-json\/wp\/v2\/media?parent=4922"}],"wp:term":[{"taxonomy":"category","embeddable":true,"href":"https:\/\/www.es-jmm-savenay.fr\/lycee-saint-francois-assise-savenay\/wp-json\/wp\/v2\/categories?post=4922"},{"taxonomy":"post_tag","embeddable":true,"href":"https:\/\/www.es-jmm-savenay.fr\/lycee-saint-francois-assise-savenay\/wp-json\/wp\/v2\/tags?post=4922"}],"curies":[{"name":"wp","href":"https:\/\/api.w.org\/{rel}","templated":true}]}}