{"id":4927,"date":"2026-09-03T17:42:41","date_gmt":"2026-09-03T15:42:41","guid":{"rendered":"https:\/\/www.es-jmm-savenay.fr\/lycee-saint-francois-assise-savenay\/?p=4927"},"modified":"2026-09-03T17:42:42","modified_gmt":"2026-09-03T15:42:42","slug":"accueil-de-deux-correspondantes-allemandes-dans-le-cadre-du-programme-brigitte-sauzay","status":"publish","type":"post","link":"https:\/\/www.es-jmm-savenay.fr\/lycee-saint-francois-assise-savenay\/accueil-de-deux-correspondantes-allemandes-dans-le-cadre-du-programme-brigitte-sauzay\/","title":{"rendered":"Accueil de deux correspondantes allemandes dans le cadre du programme Brigitte Sauzay"},"content":{"rendered":"\n<p class=\"wp-block-paragraph\">Notre \u00e9tablissement est heureux d&#8217;accueillir, en cette rentr\u00e9e, deux correspondantes allemandes dans le cadre du programme d&#8217;\u00e9change <strong>Brigitte Sauzay<\/strong>, qui favorise les \u00e9changes linguistiques et culturels entre la France et l&#8217;Allemagne.<\/p>\n\n\n\n<p class=\"wp-block-paragraph\">Elles sont h\u00e9berg\u00e9es respectivement dans les familles d&#8217;<strong>Oc\u00e9ane B.<\/strong> et de <strong>Daphn\u00e9 C.<\/strong>, que nous remercions chaleureusement pour leur engagement dans cette belle aventure humaine.<\/p>\n\n\n\n<p class=\"wp-block-paragraph\">Au cours de leur s\u00e9jour, ces jeunes \u00e9l\u00e8ves auront l&#8217;opportunit\u00e9 de d\u00e9couvrir le syst\u00e8me scolaire fran\u00e7ais, de partager la vie quotidienne de leurs familles d&#8217;accueil et de renforcer leurs comp\u00e9tences linguistiques tout en s&#8217;ouvrant \u00e0 une autre culture.<\/p>\n\n\n\n<p class=\"wp-block-paragraph\">Nous leur souhaitons une excellente rentr\u00e9e en France, de belles d\u00e9couvertes, de riches \u00e9changes et une exp\u00e9rience \u00e0 la hauteur de leurs attentes.<\/p>\n\n\n\n<p class=\"wp-block-paragraph\">Bienvenue \u00e0 elles et tr\u00e8s bon s\u00e9jour dans notre \u00e9tablissement !<\/p>\n\n\n\n<figure class=\"wp-block-gallery has-nested-images columns-default is-cropped wp-block-gallery-1 is-layout-flex wp-block-gallery-is-layout-flex\">\n<figure class=\"wp-block-image size-large\"><img loading=\"lazy\" decoding=\"async\" width=\"1024\" height=\"575\" data-id=\"4928\" src=\"https:\/\/www.es-jmm-savenay.fr\/lycee-saint-francois-assise-savenay\/wp-content\/uploads\/sites\/5\/2026\/09\/Correspondante-Allemande-2-1024x575.png\" alt=\"\" class=\"wp-image-4928\" srcset=\"https:\/\/www.es-jmm-savenay.fr\/lycee-saint-francois-assise-savenay\/wp-content\/uploads\/sites\/5\/2026\/09\/Correspondante-Allemande-2-1024x575.png 1024w, https:\/\/www.es-jmm-savenay.fr\/lycee-saint-francois-assise-savenay\/wp-content\/uploads\/sites\/5\/2026\/09\/Correspondante-Allemande-2-300x169.png 300w, https:\/\/www.es-jmm-savenay.fr\/lycee-saint-francois-assise-savenay\/wp-content\/uploads\/sites\/5\/2026\/09\/Correspondante-Allemande-2-767x431.png 767w, https:\/\/www.es-jmm-savenay.fr\/lycee-saint-francois-assise-savenay\/wp-content\/uploads\/sites\/5\/2026\/09\/Correspondante-Allemande-2.png 1118w\" sizes=\"auto, (max-width: 1024px) 100vw, 1024px\" \/><\/figure>\n\n\n\n<figure class=\"wp-block-image size-large\"><img loading=\"lazy\" decoding=\"async\" width=\"1024\" height=\"760\" data-id=\"4929\" src=\"https:\/\/www.es-jmm-savenay.fr\/lycee-saint-francois-assise-savenay\/wp-content\/uploads\/sites\/5\/2026\/09\/Correspondante-Allemande-1024x760.png\" alt=\"\" class=\"wp-image-4929\" srcset=\"https:\/\/www.es-jmm-savenay.fr\/lycee-saint-francois-assise-savenay\/wp-content\/uploads\/sites\/5\/2026\/09\/Correspondante-Allemande-1024x760.png 1024w, https:\/\/www.es-jmm-savenay.fr\/lycee-saint-francois-assise-savenay\/wp-content\/uploads\/sites\/5\/2026\/09\/Correspondante-Allemande-300x223.png 300w, https:\/\/www.es-jmm-savenay.fr\/lycee-saint-francois-assise-savenay\/wp-content\/uploads\/sites\/5\/2026\/09\/Correspondante-Allemande-768x570.png 768w, https:\/\/www.es-jmm-savenay.fr\/lycee-saint-francois-assise-savenay\/wp-content\/uploads\/sites\/5\/2026\/09\/Correspondante-Allemande.png 1158w\" sizes=\"auto, (max-width: 1024px) 100vw, 1024px\" \/><\/figure>\n<\/figure>\n","protected":false},"excerpt":{"rendered":"<p>Notre \u00e9tablissement est heureux d&#8217;accueillir, en cette rentr\u00e9e, deux correspondantes allemandes dans le cadre du programme d&#8217;\u00e9change Brigitte Sauzay, qui favorise les \u00e9changes linguistiques et culturels entre la France et &#8230;<\/p>\n","protected":false},"author":5,"featured_media":4929,"comment_status":"closed","ping_status":"open","sticky":false,"template":"","format":"standard","meta":{"footnotes":""},"categories":[5,26],"tags":[],"class_list":["post-4927","post","type-post","status-publish","format-standard","has-post-thumbnail","hentry","category-actualites","category-international"],"_links":{"self":[{"href":"https:\/\/www.es-jmm-savenay.fr\/lycee-saint-francois-assise-savenay\/wp-json\/wp\/v2\/posts\/4927","targetHints":{"allow":["GET"]}}],"collection":[{"href":"https:\/\/www.es-jmm-savenay.fr\/lycee-saint-francois-assise-savenay\/wp-json\/wp\/v2\/posts"}],"about":[{"href":"https:\/\/www.es-jmm-savenay.fr\/lycee-saint-francois-assise-savenay\/wp-json\/wp\/v2\/types\/post"}],"author":[{"embeddable":true,"href":"https:\/\/www.es-jmm-savenay.fr\/lycee-saint-francois-assise-savenay\/wp-json\/wp\/v2\/users\/5"}],"replies":[{"embeddable":true,"href":"https:\/\/www.es-jmm-savenay.fr\/lycee-saint-francois-assise-savenay\/wp-json\/wp\/v2\/comments?post=4927"}],"version-history":[{"count":2,"href":"https:\/\/www.es-jmm-savenay.fr\/lycee-saint-francois-assise-savenay\/wp-json\/wp\/v2\/posts\/4927\/revisions"}],"predecessor-version":[{"id":4931,"href":"https:\/\/www.es-jmm-savenay.fr\/lycee-saint-francois-assise-savenay\/wp-json\/wp\/v2\/posts\/4927\/revisions\/4931"}],"wp:featuredmedia":[{"embeddable":true,"href":"https:\/\/www.es-jmm-savenay.fr\/lycee-saint-francois-assise-savenay\/wp-json\/wp\/v2\/media\/4929"}],"wp:attachment":[{"href":"https:\/\/www.es-jmm-savenay.fr\/lycee-saint-francois-assise-savenay\/wp-json\/wp\/v2\/media?parent=4927"}],"wp:term":[{"taxonomy":"category","embeddable":true,"href":"https:\/\/www.es-jmm-savenay.fr\/lycee-saint-francois-assise-savenay\/wp-json\/wp\/v2\/categories?post=4927"},{"taxonomy":"post_tag","embeddable":true,"href":"https:\/\/www.es-jmm-savenay.fr\/lycee-saint-francois-assise-savenay\/wp-json\/wp\/v2\/tags?post=4927"}],"curies":[{"name":"wp","href":"https:\/\/api.w.org\/{rel}","templated":true}]}}