{"id":4932,"date":"2026-09-04T16:28:09","date_gmt":"2026-09-04T14:28:09","guid":{"rendered":"https:\/\/www.es-jmm-savenay.fr\/lycee-saint-francois-assise-savenay\/?p=4932"},"modified":"2026-09-04T16:28:10","modified_gmt":"2026-09-04T14:28:10","slug":"%f0%9f%93%a3-une-demi-journee-dintegration-placee-sous-le-signe-de-la-cohesion-%f0%9f%8e%89","status":"publish","type":"post","link":"https:\/\/www.es-jmm-savenay.fr\/lycee-saint-francois-assise-savenay\/%f0%9f%93%a3-une-demi-journee-dintegration-placee-sous-le-signe-de-la-cohesion-%f0%9f%8e%89\/","title":{"rendered":"\ud83d\udce3 Une demi-journ\u00e9e d&#8217;int\u00e9gration plac\u00e9e sous le signe de la coh\u00e9sion ! \ud83c\udf89"},"content":{"rendered":"\n<p class=\"wp-block-paragraph\">Les \u00e9l\u00e8ves de 1STMG et 1STI2D ont particip\u00e9 \u00e0 une demi-journ\u00e9e d&#8217;int\u00e9gration, jeudi 3 septembre, riche en \u00e9changes et en bonne humeur. \ud83d\ude0a<\/p>\n\n\n\n<figure class=\"wp-block-image size-large\"><img loading=\"lazy\" decoding=\"async\" width=\"1024\" height=\"768\" src=\"https:\/\/www.es-jmm-savenay.fr\/lycee-saint-francois-assise-savenay\/wp-content\/uploads\/sites\/5\/2026\/09\/Inte-1ere-techno-1024x768.jpg\" alt=\"\" class=\"wp-image-4933\" srcset=\"https:\/\/www.es-jmm-savenay.fr\/lycee-saint-francois-assise-savenay\/wp-content\/uploads\/sites\/5\/2026\/09\/Inte-1ere-techno-1024x768.jpg 1024w, https:\/\/www.es-jmm-savenay.fr\/lycee-saint-francois-assise-savenay\/wp-content\/uploads\/sites\/5\/2026\/09\/Inte-1ere-techno-300x225.jpg 300w, https:\/\/www.es-jmm-savenay.fr\/lycee-saint-francois-assise-savenay\/wp-content\/uploads\/sites\/5\/2026\/09\/Inte-1ere-techno-768x576.jpg 768w, https:\/\/www.es-jmm-savenay.fr\/lycee-saint-francois-assise-savenay\/wp-content\/uploads\/sites\/5\/2026\/09\/Inte-1ere-techno-scaled.jpg 1200w\" sizes=\"auto, (max-width: 1024px) 100vw, 1024px\" \/><\/figure>\n\n\n\n<p class=\"wp-block-paragraph\">Au programme : \ud83c\udf88 jeux gonflables, \ud83c\udfb2 jeux en bois, \ud83e\udd1d d\u00e9fis par \u00e9quipes et activit\u00e9s brise-glace pour mieux se conna\u00eetre et cr\u00e9er des liens d\u00e8s les premiers jours de l&#8217;ann\u00e9e.<\/p>\n\n\n\n<p class=\"wp-block-paragraph\">Un moment convivial qui a permis aux \u00e9l\u00e8ves de renforcer l&#8217;esprit de groupe, de partager de bons souvenirs et de poser les bases d&#8217;une ann\u00e9e qui s&#8217;annonce dynamique et pleine de projets ! \ud83d\ude80<\/p>\n\n\n\n<p class=\"wp-block-paragraph\">Merci \u00e0 tous les participants pour leur enthousiasme et leur bonne humeur tout au long de cette apr\u00e8s-midi. \ud83d\udc4f<\/p>\n\n\n\n<figure class=\"wp-block-gallery has-nested-images columns-default is-cropped wp-block-gallery-1 is-layout-flex wp-block-gallery-is-layout-flex\">\n<figure class=\"wp-block-image size-large\"><img loading=\"lazy\" decoding=\"async\" width=\"1024\" height=\"768\" data-id=\"4934\" src=\"https:\/\/www.es-jmm-savenay.fr\/lycee-saint-francois-assise-savenay\/wp-content\/uploads\/sites\/5\/2026\/09\/WhatsApp-Image-2026-09-04-at-16.25.08-1024x768.jpeg\" alt=\"\" class=\"wp-image-4934\" srcset=\"https:\/\/www.es-jmm-savenay.fr\/lycee-saint-francois-assise-savenay\/wp-content\/uploads\/sites\/5\/2026\/09\/WhatsApp-Image-2026-09-04-at-16.25.08-1024x768.jpeg 1024w, https:\/\/www.es-jmm-savenay.fr\/lycee-saint-francois-assise-savenay\/wp-content\/uploads\/sites\/5\/2026\/09\/WhatsApp-Image-2026-09-04-at-16.25.08-300x225.jpeg 300w, https:\/\/www.es-jmm-savenay.fr\/lycee-saint-francois-assise-savenay\/wp-content\/uploads\/sites\/5\/2026\/09\/WhatsApp-Image-2026-09-04-at-16.25.08-768x576.jpeg 768w, https:\/\/www.es-jmm-savenay.fr\/lycee-saint-francois-assise-savenay\/wp-content\/uploads\/sites\/5\/2026\/09\/WhatsApp-Image-2026-09-04-at-16.25.08.jpeg 1200w\" sizes=\"auto, (max-width: 1024px) 100vw, 1024px\" \/><\/figure>\n\n\n\n<figure class=\"wp-block-image size-large\"><img loading=\"lazy\" decoding=\"async\" width=\"768\" height=\"1024\" data-id=\"4936\" src=\"https:\/\/www.es-jmm-savenay.fr\/lycee-saint-francois-assise-savenay\/wp-content\/uploads\/sites\/5\/2026\/09\/WhatsApp-Image-2026-09-04-at-16.25.07-1-768x1024.jpeg\" alt=\"\" class=\"wp-image-4936\" srcset=\"https:\/\/www.es-jmm-savenay.fr\/lycee-saint-francois-assise-savenay\/wp-content\/uploads\/sites\/5\/2026\/09\/WhatsApp-Image-2026-09-04-at-16.25.07-1-768x1024.jpeg 768w, https:\/\/www.es-jmm-savenay.fr\/lycee-saint-francois-assise-savenay\/wp-content\/uploads\/sites\/5\/2026\/09\/WhatsApp-Image-2026-09-04-at-16.25.07-1-225x300.jpeg 225w, https:\/\/www.es-jmm-savenay.fr\/lycee-saint-francois-assise-savenay\/wp-content\/uploads\/sites\/5\/2026\/09\/WhatsApp-Image-2026-09-04-at-16.25.07-1.jpeg 900w\" sizes=\"auto, (max-width: 768px) 100vw, 768px\" \/><\/figure>\n\n\n\n<figure class=\"wp-block-image size-large\"><img loading=\"lazy\" decoding=\"async\" width=\"768\" height=\"1024\" data-id=\"4935\" src=\"https:\/\/www.es-jmm-savenay.fr\/lycee-saint-francois-assise-savenay\/wp-content\/uploads\/sites\/5\/2026\/09\/WhatsApp-Image-2026-09-04-at-16.25.07-768x1024-1.jpeg\" alt=\"\" class=\"wp-image-4935\" srcset=\"https:\/\/www.es-jmm-savenay.fr\/lycee-saint-francois-assise-savenay\/wp-content\/uploads\/sites\/5\/2026\/09\/WhatsApp-Image-2026-09-04-at-16.25.07-768x1024-1.jpeg 768w, https:\/\/www.es-jmm-savenay.fr\/lycee-saint-francois-assise-savenay\/wp-content\/uploads\/sites\/5\/2026\/09\/WhatsApp-Image-2026-09-04-at-16.25.07-225x300.jpeg 225w, https:\/\/www.es-jmm-savenay.fr\/lycee-saint-francois-assise-savenay\/wp-content\/uploads\/sites\/5\/2026\/09\/WhatsApp-Image-2026-09-04-at-16.25.07.jpeg 900w\" sizes=\"auto, (max-width: 768px) 100vw, 768px\" \/><\/figure>\n<\/figure>\n","protected":false},"excerpt":{"rendered":"<p>Les \u00e9l\u00e8ves de 1STMG et 1STI2D ont particip\u00e9 \u00e0 une demi-journ\u00e9e d&#8217;int\u00e9gration, jeudi 3 septembre, riche en \u00e9changes et en bonne humeur. \ud83d\ude0a Au programme : \ud83c\udf88 jeux gonflables, \ud83c\udfb2 &#8230;<\/p>\n","protected":false},"author":5,"featured_media":4933,"comment_status":"closed","ping_status":"open","sticky":false,"template":"","format":"standard","meta":{"footnotes":""},"categories":[5,9],"tags":[],"class_list":["post-4932","post","type-post","status-publish","format-standard","has-post-thumbnail","hentry","category-actualites","category-la-vie-au-lycee-st-francois"],"_links":{"self":[{"href":"https:\/\/www.es-jmm-savenay.fr\/lycee-saint-francois-assise-savenay\/wp-json\/wp\/v2\/posts\/4932","targetHints":{"allow":["GET"]}}],"collection":[{"href":"https:\/\/www.es-jmm-savenay.fr\/lycee-saint-francois-assise-savenay\/wp-json\/wp\/v2\/posts"}],"about":[{"href":"https:\/\/www.es-jmm-savenay.fr\/lycee-saint-francois-assise-savenay\/wp-json\/wp\/v2\/types\/post"}],"author":[{"embeddable":true,"href":"https:\/\/www.es-jmm-savenay.fr\/lycee-saint-francois-assise-savenay\/wp-json\/wp\/v2\/users\/5"}],"replies":[{"embeddable":true,"href":"https:\/\/www.es-jmm-savenay.fr\/lycee-saint-francois-assise-savenay\/wp-json\/wp\/v2\/comments?post=4932"}],"version-history":[{"count":2,"href":"https:\/\/www.es-jmm-savenay.fr\/lycee-saint-francois-assise-savenay\/wp-json\/wp\/v2\/posts\/4932\/revisions"}],"predecessor-version":[{"id":4938,"href":"https:\/\/www.es-jmm-savenay.fr\/lycee-saint-francois-assise-savenay\/wp-json\/wp\/v2\/posts\/4932\/revisions\/4938"}],"wp:featuredmedia":[{"embeddable":true,"href":"https:\/\/www.es-jmm-savenay.fr\/lycee-saint-francois-assise-savenay\/wp-json\/wp\/v2\/media\/4933"}],"wp:attachment":[{"href":"https:\/\/www.es-jmm-savenay.fr\/lycee-saint-francois-assise-savenay\/wp-json\/wp\/v2\/media?parent=4932"}],"wp:term":[{"taxonomy":"category","embeddable":true,"href":"https:\/\/www.es-jmm-savenay.fr\/lycee-saint-francois-assise-savenay\/wp-json\/wp\/v2\/categories?post=4932"},{"taxonomy":"post_tag","embeddable":true,"href":"https:\/\/www.es-jmm-savenay.fr\/lycee-saint-francois-assise-savenay\/wp-json\/wp\/v2\/tags?post=4932"}],"curies":[{"name":"wp","href":"https:\/\/api.w.org\/{rel}","templated":true}]}}